{"id":1036,"date":"2021-10-25T16:40:32","date_gmt":"2021-10-25T14:40:32","guid":{"rendered":"https:\/\/florette.atypic-digital.be\/?p=1036"},"modified":"2022-02-15T10:40:15","modified_gmt":"2022-02-15T09:40:15","slug":"onze-herfstrecepten-%f0%9f%8d%81","status":"publish","type":"post","link":"https:\/\/florette.be\/nl\/onze-herfstrecepten-%f0%9f%8d%81\/","title":{"rendered":"Onze herfstrecepten ?"},"content":{"rendered":"\n<p>Weet je niet wat klaarmaken in deze maand november? Ben je op zoek naar idee\u00ebn om je menu af te wisselen? Florette weet raad!<\/p>\n\n\n\n<p>Ontdek hieronder onze selectie van 3 creatieve en lekkere recepten!<\/p>\n\n\n\n<h2 class=\"wp-block-heading\" id=\"salade-van-gegrilde-butternutpompoen\"><strong>Salade van gegrilde butternutpompoen<\/strong><\/h2>\n\n\n\n<p>De caloriearme butternut is rijk aan betacaroteen, dat ervoor zorgt dat je er stralend uitziet. <br>Maar daarnaast bevat butternut ook: kalium, calcium, magnesium, fosfor, koper en mangaan, dat je lichaam helpt zijn energie te behouden.<\/p>\n\n\n\n<p><a href=\"https:\/\/florette.atypic-digital.be\/recettes\/salade-de-courge-butternut-grillee\/\">Mmm, vertel<\/a> me meer !<\/p>\n\n\n\n<h2 class=\"wp-block-heading\" id=\"salade-met-gegratineerde-peer\">Salade met gegratineerde peer<\/h2>\n\n\n\n<p>Meng jij graag fruit &amp; sla? Dan is dit recept voor jou gemaakt! Peer gegratineerd met parmezaan is een ware verwennerij voor je smaakpapillen.<\/p>\n\n\n\n<p>Snel, makkelijk en niet duur, waarom zou je jezelf dan niet verwennen?<\/p>\n\n\n\n<p><a href=\"https:\/\/florette.atypic-digital.be\/recettes\/salade-la-poire-gratinee\/\">Ik<\/a> smelt voor dit recept<\/p>\n\n\n\n<h2 class=\"wp-block-heading\" id=\"thaise-sla-met-scampi\">Thaise sla met scampi<\/h2>\n\n\n\n<p>Dit zoete en tegelijk hartige recept bevat zowel volle als verfijnde en verrassende smaken! Speel met de smaak van mango en scampi voor een intens culinair genot.<\/p>\n\n\n\n<p><a href=\"http:\/\/ic-digital.be\/recettes\/salade-thai-aux-scampis\/\"><\/a>Ik laat mijn zintuigen vervoeren<\/p>\n\n\n\n<p><\/p>\n\n\n\n<p>Smakelijk!<\/p>\n","protected":false},"excerpt":{"rendered":"De herfstrecepten van Florette !","protected":false},"author":4,"featured_media":1003,"comment_status":"open","ping_status":"open","sticky":false,"template":"","format":"standard","meta":{"footnotes":""},"categories":[3],"tags":[110,81,85],"class_list":["post-1036","post","type-post","status-publish","format-standard","has-post-thumbnail","hentry","category-geen-onderdeel-van-een-categorie","tag-plezier-in-de-keuken","tag-florette-nl","tag-keuken"],"yoast_head":"<!-- This site is optimized with the Yoast SEO plugin v27.4 - https:\/\/yoast.com\/product\/yoast-seo-wordpress\/ -->\n<title>Onze herfstrecepten ? &#8226; Florette<\/title>\n<meta name=\"description\" content=\"De herfstrecepten van Florette\" \/>\n<meta name=\"robots\" content=\"index, follow, max-snippet:-1, max-image-preview:large, max-video-preview:-1\" \/>\n<link rel=\"canonical\" href=\"https:\/\/florette.be\/nl\/onze-herfstrecepten-\ud83c\udf41\/\" \/>\n<meta property=\"og:locale\" content=\"nl_NL\" \/>\n<meta property=\"og:type\" content=\"article\" \/>\n<meta property=\"og:title\" content=\"Onze herfstrecepten ? &#8226; Florette\" \/>\n<meta property=\"og:description\" content=\"De herfstrecepten van Florette\" \/>\n<meta property=\"og:url\" content=\"https:\/\/florette.be\/nl\/onze-herfstrecepten-\ud83c\udf41\/\" \/>\n<meta property=\"og:site_name\" content=\"Florette\" \/>\n<meta property=\"article:publisher\" content=\"https:\/\/www.facebook.com\/Florettebelgium\/\" \/>\n<meta property=\"article:published_time\" content=\"2021-10-25T14:40:32+00:00\" \/>\n<meta property=\"article:modified_time\" content=\"2022-02-15T09:40:15+00:00\" \/>\n<meta property=\"og:image\" content=\"https:\/\/florette.be\/wp-content\/uploads\/2021\/10\/SOFIE-DUMONT-06-02-florette-potiron-grenaille103537-2.jpg\" \/>\n\t<meta property=\"og:image:width\" content=\"1500\" \/>\n\t<meta property=\"og:image:height\" content=\"450\" \/>\n\t<meta property=\"og:image:type\" content=\"image\/jpeg\" \/>\n<meta name=\"author\" content=\"Anastasia Vervueren\" \/>\n<meta name=\"twitter:card\" content=\"summary_large_image\" \/>\n<meta name=\"twitter:label1\" content=\"Written by\" \/>\n\t<meta name=\"twitter:data1\" content=\"Anastasia Vervueren\" \/>\n\t<meta name=\"twitter:label2\" content=\"Est. reading time\" \/>\n\t<meta name=\"twitter:data2\" content=\"1 minute\" \/>\n<script type=\"application\/ld+json\" class=\"yoast-schema-graph\">{\"@context\":\"https:\\\/\\\/schema.org\",\"@graph\":[{\"@type\":\"Article\",\"@id\":\"https:\\\/\\\/florette.be\\\/nl\\\/onze-herfstrecepten-%f0%9f%8d%81\\\/#article\",\"isPartOf\":{\"@id\":\"https:\\\/\\\/florette.be\\\/nl\\\/onze-herfstrecepten-%f0%9f%8d%81\\\/\"},\"author\":{\"name\":\"Anastasia Vervueren\",\"@id\":\"https:\\\/\\\/florette.be\\\/#\\\/schema\\\/person\\\/9ed3ec47efa833d50e4060d8d3e4f164\"},\"headline\":\"Onze herfstrecepten ?\",\"datePublished\":\"2021-10-25T14:40:32+00:00\",\"dateModified\":\"2022-02-15T09:40:15+00:00\",\"mainEntityOfPage\":{\"@id\":\"https:\\\/\\\/florette.be\\\/nl\\\/onze-herfstrecepten-%f0%9f%8d%81\\\/\"},\"wordCount\":161,\"commentCount\":0,\"publisher\":{\"@id\":\"https:\\\/\\\/florette.be\\\/#organization\"},\"image\":{\"@id\":\"https:\\\/\\\/florette.be\\\/nl\\\/onze-herfstrecepten-%f0%9f%8d%81\\\/#primaryimage\"},\"thumbnailUrl\":\"https:\\\/\\\/florette.be\\\/wp-content\\\/uploads\\\/2021\\\/10\\\/SOFIE-DUMONT-06-02-florette-potiron-grenaille103537-2.jpg\",\"keywords\":[\"Plezier in de keuken\",\"Florette\",\"Keuken\"],\"articleSection\":[\"Geen onderdeel van een categorie\"],\"inLanguage\":\"nl-NL\",\"potentialAction\":[{\"@type\":\"CommentAction\",\"name\":\"Comment\",\"target\":[\"https:\\\/\\\/florette.be\\\/nl\\\/onze-herfstrecepten-%f0%9f%8d%81\\\/#respond\"]}]},{\"@type\":\"WebPage\",\"@id\":\"https:\\\/\\\/florette.be\\\/nl\\\/onze-herfstrecepten-%f0%9f%8d%81\\\/\",\"url\":\"https:\\\/\\\/florette.be\\\/nl\\\/onze-herfstrecepten-%f0%9f%8d%81\\\/\",\"name\":\"Onze herfstrecepten ? &#8226; Florette\",\"isPartOf\":{\"@id\":\"https:\\\/\\\/florette.be\\\/#website\"},\"primaryImageOfPage\":{\"@id\":\"https:\\\/\\\/florette.be\\\/nl\\\/onze-herfstrecepten-%f0%9f%8d%81\\\/#primaryimage\"},\"image\":{\"@id\":\"https:\\\/\\\/florette.be\\\/nl\\\/onze-herfstrecepten-%f0%9f%8d%81\\\/#primaryimage\"},\"thumbnailUrl\":\"https:\\\/\\\/florette.be\\\/wp-content\\\/uploads\\\/2021\\\/10\\\/SOFIE-DUMONT-06-02-florette-potiron-grenaille103537-2.jpg\",\"datePublished\":\"2021-10-25T14:40:32+00:00\",\"dateModified\":\"2022-02-15T09:40:15+00:00\",\"description\":\"De herfstrecepten van Florette\",\"breadcrumb\":{\"@id\":\"https:\\\/\\\/florette.be\\\/nl\\\/onze-herfstrecepten-%f0%9f%8d%81\\\/#breadcrumb\"},\"inLanguage\":\"nl-NL\",\"potentialAction\":[{\"@type\":\"ReadAction\",\"target\":[\"https:\\\/\\\/florette.be\\\/nl\\\/onze-herfstrecepten-%f0%9f%8d%81\\\/\"]}]},{\"@type\":\"ImageObject\",\"inLanguage\":\"nl-NL\",\"@id\":\"https:\\\/\\\/florette.be\\\/nl\\\/onze-herfstrecepten-%f0%9f%8d%81\\\/#primaryimage\",\"url\":\"https:\\\/\\\/florette.be\\\/wp-content\\\/uploads\\\/2021\\\/10\\\/SOFIE-DUMONT-06-02-florette-potiron-grenaille103537-2.jpg\",\"contentUrl\":\"https:\\\/\\\/florette.be\\\/wp-content\\\/uploads\\\/2021\\\/10\\\/SOFIE-DUMONT-06-02-florette-potiron-grenaille103537-2.jpg\",\"width\":1500,\"height\":450},{\"@type\":\"BreadcrumbList\",\"@id\":\"https:\\\/\\\/florette.be\\\/nl\\\/onze-herfstrecepten-%f0%9f%8d%81\\\/#breadcrumb\",\"itemListElement\":[{\"@type\":\"ListItem\",\"position\":1,\"name\":\"Home\",\"item\":\"https:\\\/\\\/florette.be\\\/nl\\\/\"},{\"@type\":\"ListItem\",\"position\":2,\"name\":\"Onze herfstrecepten ?\"}]},{\"@type\":\"WebSite\",\"@id\":\"https:\\\/\\\/florette.be\\\/#website\",\"url\":\"https:\\\/\\\/florette.be\\\/\",\"name\":\"Florette\",\"description\":\"Des salades, des l\u00e9gumes \u00e0 cuire ou \u00e0 croquer, des fruits, des jus, des herbes... D\u00e9couvrez nos produits, actualit\u00e9s, promotions et recettes Florette.\",\"publisher\":{\"@id\":\"https:\\\/\\\/florette.be\\\/#organization\"},\"potentialAction\":[{\"@type\":\"SearchAction\",\"target\":{\"@type\":\"EntryPoint\",\"urlTemplate\":\"https:\\\/\\\/florette.be\\\/?s={search_term_string}\"},\"query-input\":{\"@type\":\"PropertyValueSpecification\",\"valueRequired\":true,\"valueName\":\"search_term_string\"}}],\"inLanguage\":\"nl-NL\"},{\"@type\":\"Organization\",\"@id\":\"https:\\\/\\\/florette.be\\\/#organization\",\"name\":\"Florette\",\"url\":\"https:\\\/\\\/florette.be\\\/\",\"logo\":{\"@type\":\"ImageObject\",\"inLanguage\":\"nl-NL\",\"@id\":\"https:\\\/\\\/florette.be\\\/#\\\/schema\\\/logo\\\/image\\\/\",\"url\":\"https:\\\/\\\/florette.be\\\/wp-content\\\/uploads\\\/2021\\\/10\\\/logo.png\",\"contentUrl\":\"https:\\\/\\\/florette.be\\\/wp-content\\\/uploads\\\/2021\\\/10\\\/logo.png\",\"width\":244,\"height\":140,\"caption\":\"Florette\"},\"image\":{\"@id\":\"https:\\\/\\\/florette.be\\\/#\\\/schema\\\/logo\\\/image\\\/\"},\"sameAs\":[\"https:\\\/\\\/www.facebook.com\\\/Florettebelgium\\\/\",\"https:\\\/\\\/www.instagram.com\\\/florette_be\\\/\"]},{\"@type\":\"Person\",\"@id\":\"https:\\\/\\\/florette.be\\\/#\\\/schema\\\/person\\\/9ed3ec47efa833d50e4060d8d3e4f164\",\"name\":\"Anastasia Vervueren\"}]}<\/script>\n<!-- \/ Yoast SEO plugin. -->","yoast_head_json":{"title":"Onze herfstrecepten ? &#8226; Florette","description":"De herfstrecepten van Florette","robots":{"index":"index","follow":"follow","max-snippet":"max-snippet:-1","max-image-preview":"max-image-preview:large","max-video-preview":"max-video-preview:-1"},"canonical":"https:\/\/florette.be\/nl\/onze-herfstrecepten-\ud83c\udf41\/","og_locale":"nl_NL","og_type":"article","og_title":"Onze herfstrecepten ? &#8226; Florette","og_description":"De herfstrecepten van Florette","og_url":"https:\/\/florette.be\/nl\/onze-herfstrecepten-\ud83c\udf41\/","og_site_name":"Florette","article_publisher":"https:\/\/www.facebook.com\/Florettebelgium\/","article_published_time":"2021-10-25T14:40:32+00:00","article_modified_time":"2022-02-15T09:40:15+00:00","og_image":[{"width":1500,"height":450,"url":"https:\/\/florette.be\/wp-content\/uploads\/2021\/10\/SOFIE-DUMONT-06-02-florette-potiron-grenaille103537-2.jpg","type":"image\/jpeg"}],"author":"Anastasia Vervueren","twitter_card":"summary_large_image","twitter_misc":{"Written by":"Anastasia Vervueren","Est. reading time":"1 minute"},"schema":{"@context":"https:\/\/schema.org","@graph":[{"@type":"Article","@id":"https:\/\/florette.be\/nl\/onze-herfstrecepten-%f0%9f%8d%81\/#article","isPartOf":{"@id":"https:\/\/florette.be\/nl\/onze-herfstrecepten-%f0%9f%8d%81\/"},"author":{"name":"Anastasia Vervueren","@id":"https:\/\/florette.be\/#\/schema\/person\/9ed3ec47efa833d50e4060d8d3e4f164"},"headline":"Onze herfstrecepten ?","datePublished":"2021-10-25T14:40:32+00:00","dateModified":"2022-02-15T09:40:15+00:00","mainEntityOfPage":{"@id":"https:\/\/florette.be\/nl\/onze-herfstrecepten-%f0%9f%8d%81\/"},"wordCount":161,"commentCount":0,"publisher":{"@id":"https:\/\/florette.be\/#organization"},"image":{"@id":"https:\/\/florette.be\/nl\/onze-herfstrecepten-%f0%9f%8d%81\/#primaryimage"},"thumbnailUrl":"https:\/\/florette.be\/wp-content\/uploads\/2021\/10\/SOFIE-DUMONT-06-02-florette-potiron-grenaille103537-2.jpg","keywords":["Plezier in de keuken","Florette","Keuken"],"articleSection":["Geen onderdeel van een categorie"],"inLanguage":"nl-NL","potentialAction":[{"@type":"CommentAction","name":"Comment","target":["https:\/\/florette.be\/nl\/onze-herfstrecepten-%f0%9f%8d%81\/#respond"]}]},{"@type":"WebPage","@id":"https:\/\/florette.be\/nl\/onze-herfstrecepten-%f0%9f%8d%81\/","url":"https:\/\/florette.be\/nl\/onze-herfstrecepten-%f0%9f%8d%81\/","name":"Onze herfstrecepten ? &#8226; Florette","isPartOf":{"@id":"https:\/\/florette.be\/#website"},"primaryImageOfPage":{"@id":"https:\/\/florette.be\/nl\/onze-herfstrecepten-%f0%9f%8d%81\/#primaryimage"},"image":{"@id":"https:\/\/florette.be\/nl\/onze-herfstrecepten-%f0%9f%8d%81\/#primaryimage"},"thumbnailUrl":"https:\/\/florette.be\/wp-content\/uploads\/2021\/10\/SOFIE-DUMONT-06-02-florette-potiron-grenaille103537-2.jpg","datePublished":"2021-10-25T14:40:32+00:00","dateModified":"2022-02-15T09:40:15+00:00","description":"De herfstrecepten van Florette","breadcrumb":{"@id":"https:\/\/florette.be\/nl\/onze-herfstrecepten-%f0%9f%8d%81\/#breadcrumb"},"inLanguage":"nl-NL","potentialAction":[{"@type":"ReadAction","target":["https:\/\/florette.be\/nl\/onze-herfstrecepten-%f0%9f%8d%81\/"]}]},{"@type":"ImageObject","inLanguage":"nl-NL","@id":"https:\/\/florette.be\/nl\/onze-herfstrecepten-%f0%9f%8d%81\/#primaryimage","url":"https:\/\/florette.be\/wp-content\/uploads\/2021\/10\/SOFIE-DUMONT-06-02-florette-potiron-grenaille103537-2.jpg","contentUrl":"https:\/\/florette.be\/wp-content\/uploads\/2021\/10\/SOFIE-DUMONT-06-02-florette-potiron-grenaille103537-2.jpg","width":1500,"height":450},{"@type":"BreadcrumbList","@id":"https:\/\/florette.be\/nl\/onze-herfstrecepten-%f0%9f%8d%81\/#breadcrumb","itemListElement":[{"@type":"ListItem","position":1,"name":"Home","item":"https:\/\/florette.be\/nl\/"},{"@type":"ListItem","position":2,"name":"Onze herfstrecepten ?"}]},{"@type":"WebSite","@id":"https:\/\/florette.be\/#website","url":"https:\/\/florette.be\/","name":"Florette","description":"Des salades, des l\u00e9gumes \u00e0 cuire ou \u00e0 croquer, des fruits, des jus, des herbes... D\u00e9couvrez nos produits, actualit\u00e9s, promotions et recettes Florette.","publisher":{"@id":"https:\/\/florette.be\/#organization"},"potentialAction":[{"@type":"SearchAction","target":{"@type":"EntryPoint","urlTemplate":"https:\/\/florette.be\/?s={search_term_string}"},"query-input":{"@type":"PropertyValueSpecification","valueRequired":true,"valueName":"search_term_string"}}],"inLanguage":"nl-NL"},{"@type":"Organization","@id":"https:\/\/florette.be\/#organization","name":"Florette","url":"https:\/\/florette.be\/","logo":{"@type":"ImageObject","inLanguage":"nl-NL","@id":"https:\/\/florette.be\/#\/schema\/logo\/image\/","url":"https:\/\/florette.be\/wp-content\/uploads\/2021\/10\/logo.png","contentUrl":"https:\/\/florette.be\/wp-content\/uploads\/2021\/10\/logo.png","width":244,"height":140,"caption":"Florette"},"image":{"@id":"https:\/\/florette.be\/#\/schema\/logo\/image\/"},"sameAs":["https:\/\/www.facebook.com\/Florettebelgium\/","https:\/\/www.instagram.com\/florette_be\/"]},{"@type":"Person","@id":"https:\/\/florette.be\/#\/schema\/person\/9ed3ec47efa833d50e4060d8d3e4f164","name":"Anastasia Vervueren"}]}},"_links":{"self":[{"href":"https:\/\/florette.be\/nl\/wp-json\/wp\/v2\/posts\/1036","targetHints":{"allow":["GET"]}}],"collection":[{"href":"https:\/\/florette.be\/nl\/wp-json\/wp\/v2\/posts"}],"about":[{"href":"https:\/\/florette.be\/nl\/wp-json\/wp\/v2\/types\/post"}],"author":[{"embeddable":true,"href":"https:\/\/florette.be\/nl\/wp-json\/wp\/v2\/users\/4"}],"replies":[{"embeddable":true,"href":"https:\/\/florette.be\/nl\/wp-json\/wp\/v2\/comments?post=1036"}],"version-history":[{"count":3,"href":"https:\/\/florette.be\/nl\/wp-json\/wp\/v2\/posts\/1036\/revisions"}],"predecessor-version":[{"id":1276,"href":"https:\/\/florette.be\/nl\/wp-json\/wp\/v2\/posts\/1036\/revisions\/1276"}],"wp:featuredmedia":[{"embeddable":true,"href":"https:\/\/florette.be\/nl\/wp-json\/wp\/v2\/media\/1003"}],"wp:attachment":[{"href":"https:\/\/florette.be\/nl\/wp-json\/wp\/v2\/media?parent=1036"}],"wp:term":[{"taxonomy":"category","embeddable":true,"href":"https:\/\/florette.be\/nl\/wp-json\/wp\/v2\/categories?post=1036"},{"taxonomy":"post_tag","embeddable":true,"href":"https:\/\/florette.be\/nl\/wp-json\/wp\/v2\/tags?post=1036"}],"curies":[{"name":"wp","href":"https:\/\/api.w.org\/{rel}","templated":true}]}}