{"id":11542,"date":"2023-08-07T15:49:59","date_gmt":"2023-08-07T13:49:59","guid":{"rendered":"https:\/\/florette.be\/?p=11542"},"modified":"2023-09-18T15:53:27","modified_gmt":"2023-09-18T13:53:27","slug":"salades-voor-bij-de-barbecue","status":"publish","type":"post","link":"https:\/\/florette.be\/nl\/salades-voor-bij-de-barbecue\/","title":{"rendered":"Salades voor bij de barbecue"},"content":{"rendered":"\n<p><em>Het barbecueseizoen is volop aan de gang! En wat is er beter dan een salade om dit gezellige moment te begeleiden? We stellen onze favoriete recepten voor, perfect voor je maaltijden met familie- of vrienden.<\/em><\/p>\n\n\n\n<p>Barbecues staan bekend om hun gezelligheid. Of ze nu zorgvuldig gepland zijn of spontaan ontstaan, ze bieden de perfecte gelegenheid om je creativiteit de vrije loop te laten. Hoewel gegrild vlees de ster van de maaltijd is, mogen we de bijgerechten zeker niet vergeten. Salades in het bijzonder voegen een heerlijke frisheid toe aan je barbecue. Vandaag delen we onze favoriete recepten met jou!<br><\/p>\n\n\n\n<h2 class=\"wp-block-heading\"><strong>Krulandijvie met een twist<\/strong><\/h2>\n\n\n\n<p>Deze salade is uiterst eenvoudig, bereid met groenten en een paar spekjes. Ze is sterk ge\u00efnspireerd op de traditionele krulandijvie met spekjes. Een snelle manier om vitamines en mineralen binnen te krijgen. Voor dit recept heb je het volgende nodig:<\/p>\n\n\n\n<p>\u2022 1 zakje <a href=\"https:\/\/florette.be\/nl\/produits\/zomermengeling\/\">Zomermengeling<\/a><\/p>\n\n\n\n<p>\u2022 100 g gerookte spekjes<\/p>\n\n\n\n<p>\u2022 200 g brood<\/p>\n\n\n\n<p>\u2022 2 el olijfolie<\/p>\n\n\n\n<p>\u2022 2 tl mosterd<\/p>\n\n\n\n<p>\u2022 2 tl rode wijnazijn<\/p>\n\n\n\n<p>\u2022 zout<\/p>\n\n\n\n<p>\u2022 peper<\/p>\n\n\n\n<p>Begin met het bakken van de spekjes in een hete pan. Terwijl ze bakken, kun je de vinaigrette bereiden. Meng in een kom de olijfolie, mosterd en rode wijnazijn. Neem een tweede kom waarin je de salade kunt leggen. Zodra de spekjes naar jouw wens zijn gebakken, haal je ze van het vuur. Dep ze eventueel droog met keukenpapier om het overtollige vet te verwijderen. Meng alles eenvoudigweg in de kom. Het is ideaal om de salade voor het serveren koel te houden.<\/p>\n\n\n\n<p><\/p>\n\n\n\n<h2 class=\"wp-block-heading\"><strong>Japans krokant<\/strong><\/h2>\n\n\n\n<p>We zijn het ermee eens dat dit recept niet echt een salade is, maar eerder een vinaigrette die we bijzonder waarderen vanwege zijn unieke smaak. Dit recept, dat rechtstreeks uit Japan komt, past perfect bij ons <a href=\"https:\/\/florette.be\/nl\/produits\/bordje-krokant\/\">Bordje Krokant<\/a>. Voor deze dressing heb je het volgende nodig:<\/p>\n\n\n\n<p>\u2022 3 el rijstazijn<\/p>\n\n\n\n<p>\u2022 1 el citroensap<\/p>\n\n\n\n<p>\u2022 1 el sojasaus<\/p>\n\n\n\n<p>\u2022 1 tl mosterd<\/p>\n\n\n\n<p>\u2022 \u00bd el suiker<\/p>\n\n\n\n<p>\u2022 1 el sesamolie<\/p>\n\n\n\n<p>Doe alle ingredi\u00ebnten in een kom en meng krachtig om een lichte dressing te verkrijgen. Je kunt vervolgens bijvoorbeeld de Krokante Mengeling van Florette met deze dressing op smaak brengen. Maar hij zal ook vele andere bereidingen nog lekkerder maken.<br><\/p>\n\n\n\n<h2 class=\"wp-block-heading\"><strong>H2. Een salade van wortelen en ma\u00efs<\/strong><\/h2>\n\n\n\n<p>We kunnen onmogelijk geen recept met wortelen geven. Het is immers een groente die rijk is aan vitamines en mineralen. Voor dit recept heb je het volgende nodig:<\/p>\n\n\n\n<p>\u2022 1 zakje <a href=\"https:\/\/florette.be\/nl\/produits\/geraspte-wortelen\/\">geraspte wortelen<\/a> van Florette<\/p>\n\n\n\n<p>\u2022 200 g ma\u00efs uit blik<\/p>\n\n\n\n<p>\u2022 10 kerstomaatjes<\/p>\n\n\n\n<p>\u2022 enkele basilicumblaadjes<\/p>\n\n\n\n<p>\u2022 enkele blaadjes veldsla<\/p>\n\n\n\n<p>\u2022 5 cl balsamicoazijn<\/p>\n\n\n\n<p>\u2022 5 cl agavesiroop<\/p>\n\n\n\n<p>Snijd de kerstomaatjes doormidden. Meng in een kom de geraspte wortelen, de uitgelekte ma\u00efs, de veldsla en de kerstomaatjes. Snijd de basilicumblaadjes fijn en voeg toe aan de bereiding. Maak in een kom de dressing door de balsamicoazijn en de agavesiroop te mengen. Breng op smaak naar wens. Voeg deze bereiding toe aan de groenten en serveer het geheel goed gekoeld!<br><\/p>\n\n\n\n<h2 class=\"wp-block-heading\"><strong>Het belang van vinaigrette<\/strong><\/h2>\n\n\n\n<p>Soms is de vinaigrette die je bij je salade serveert, het allerbelangrijkste. Je kunt in een paar minuten een vinaigrette maken met mayonaise, olijfolie, een beetje azijn en eventueel wat mosterd.<\/p>\n\n\n\n<p>Als je niet genoeg tijd hebt om zelf een dressing te maken, stellen we graag ons <a href=\"https:\/\/florette.be\/nl\/onze-producten\/#vinaigrette\">gamma vinaigrettes<\/a> voor.<\/p>\n","protected":false},"excerpt":{"rendered":"Het barbecueseizoen is volop aan de gang. Ontdek onze idee\u00ebn voor salades om je maaltijd te begeleiden!","protected":false},"author":4,"featured_media":11540,"comment_status":"closed","ping_status":"open","sticky":false,"template":"","format":"standard","meta":{"footnotes":""},"categories":[50,186],"tags":[111,81],"class_list":["post-11542","post","type-post","status-publish","format-standard","has-post-thumbnail","hentry","category-rauwkost","category-vinaigrette","tag-het-florette-leven","tag-florette-nl"],"yoast_head":"<!-- This site is optimized with the Yoast SEO plugin v27.4 - https:\/\/yoast.com\/product\/yoast-seo-wordpress\/ -->\n<title>Salades voor bij de barbecue &#8226; Florette<\/title>\n<meta name=\"description\" content=\"Het barbecueseizoen is volop aan de gang. Ontdek onze idee\u00ebn voor salades om je maaltijd te begeleiden!\" \/>\n<meta name=\"robots\" content=\"index, follow, max-snippet:-1, max-image-preview:large, max-video-preview:-1\" \/>\n<link rel=\"canonical\" href=\"https:\/\/florette.be\/nl\/salades-voor-bij-de-barbecue\/\" \/>\n<meta property=\"og:locale\" content=\"nl_NL\" \/>\n<meta property=\"og:type\" content=\"article\" \/>\n<meta property=\"og:title\" content=\"Salades voor bij de barbecue &#8226; Florette\" \/>\n<meta property=\"og:description\" content=\"Het barbecueseizoen is volop aan de gang. Ontdek onze idee\u00ebn voor salades om je maaltijd te begeleiden!\" \/>\n<meta property=\"og:url\" content=\"https:\/\/florette.be\/nl\/salades-voor-bij-de-barbecue\/\" \/>\n<meta property=\"og:site_name\" content=\"Florette\" \/>\n<meta property=\"article:publisher\" content=\"https:\/\/www.facebook.com\/Florettebelgium\/\" \/>\n<meta property=\"article:published_time\" content=\"2023-08-07T13:49:59+00:00\" \/>\n<meta property=\"article:modified_time\" content=\"2023-09-18T13:53:27+00:00\" \/>\n<meta property=\"og:image\" content=\"http:\/\/florette.be\/wp-content\/uploads\/2023\/09\/Capture-decran-2023-09-18-a-15.44.01-1000x562.png\" \/>\n\t<meta property=\"og:image:width\" content=\"1000\" \/>\n\t<meta property=\"og:image:height\" content=\"562\" \/>\n\t<meta property=\"og:image:type\" content=\"image\/png\" \/>\n<meta name=\"author\" content=\"Anastasia Vervueren\" \/>\n<meta name=\"twitter:card\" content=\"summary_large_image\" \/>\n<meta name=\"twitter:label1\" content=\"Written by\" \/>\n\t<meta name=\"twitter:data1\" content=\"Anastasia Vervueren\" \/>\n\t<meta name=\"twitter:label2\" content=\"Est. reading time\" \/>\n\t<meta name=\"twitter:data2\" content=\"3 minutes\" \/>\n<script type=\"application\/ld+json\" class=\"yoast-schema-graph\">{\"@context\":\"https:\\\/\\\/schema.org\",\"@graph\":[{\"@type\":\"Article\",\"@id\":\"https:\\\/\\\/florette.be\\\/nl\\\/salades-voor-bij-de-barbecue\\\/#article\",\"isPartOf\":{\"@id\":\"https:\\\/\\\/florette.be\\\/nl\\\/salades-voor-bij-de-barbecue\\\/\"},\"author\":{\"name\":\"Anastasia Vervueren\",\"@id\":\"https:\\\/\\\/florette.be\\\/#\\\/schema\\\/person\\\/9ed3ec47efa833d50e4060d8d3e4f164\"},\"headline\":\"Salades voor bij de barbecue\",\"datePublished\":\"2023-08-07T13:49:59+00:00\",\"dateModified\":\"2023-09-18T13:53:27+00:00\",\"mainEntityOfPage\":{\"@id\":\"https:\\\/\\\/florette.be\\\/nl\\\/salades-voor-bij-de-barbecue\\\/\"},\"wordCount\":521,\"publisher\":{\"@id\":\"https:\\\/\\\/florette.be\\\/#organization\"},\"image\":{\"@id\":\"https:\\\/\\\/florette.be\\\/nl\\\/salades-voor-bij-de-barbecue\\\/#primaryimage\"},\"thumbnailUrl\":\"https:\\\/\\\/florette.be\\\/wp-content\\\/uploads\\\/2023\\\/09\\\/Capture-decran-2023-09-18-a-15.44.01.png\",\"keywords\":[\"Het Florette leven\",\"Florette\"],\"articleSection\":[\"Rauwkost\",\"Saus &amp; Vinaigrette\"],\"inLanguage\":\"nl-NL\"},{\"@type\":\"WebPage\",\"@id\":\"https:\\\/\\\/florette.be\\\/nl\\\/salades-voor-bij-de-barbecue\\\/\",\"url\":\"https:\\\/\\\/florette.be\\\/nl\\\/salades-voor-bij-de-barbecue\\\/\",\"name\":\"Salades voor bij de barbecue &#8226; Florette\",\"isPartOf\":{\"@id\":\"https:\\\/\\\/florette.be\\\/#website\"},\"primaryImageOfPage\":{\"@id\":\"https:\\\/\\\/florette.be\\\/nl\\\/salades-voor-bij-de-barbecue\\\/#primaryimage\"},\"image\":{\"@id\":\"https:\\\/\\\/florette.be\\\/nl\\\/salades-voor-bij-de-barbecue\\\/#primaryimage\"},\"thumbnailUrl\":\"https:\\\/\\\/florette.be\\\/wp-content\\\/uploads\\\/2023\\\/09\\\/Capture-decran-2023-09-18-a-15.44.01.png\",\"datePublished\":\"2023-08-07T13:49:59+00:00\",\"dateModified\":\"2023-09-18T13:53:27+00:00\",\"description\":\"Het barbecueseizoen is volop aan de gang. Ontdek onze idee\u00ebn voor salades om je maaltijd te begeleiden!\",\"breadcrumb\":{\"@id\":\"https:\\\/\\\/florette.be\\\/nl\\\/salades-voor-bij-de-barbecue\\\/#breadcrumb\"},\"inLanguage\":\"nl-NL\",\"potentialAction\":[{\"@type\":\"ReadAction\",\"target\":[\"https:\\\/\\\/florette.be\\\/nl\\\/salades-voor-bij-de-barbecue\\\/\"]}]},{\"@type\":\"ImageObject\",\"inLanguage\":\"nl-NL\",\"@id\":\"https:\\\/\\\/florette.be\\\/nl\\\/salades-voor-bij-de-barbecue\\\/#primaryimage\",\"url\":\"https:\\\/\\\/florette.be\\\/wp-content\\\/uploads\\\/2023\\\/09\\\/Capture-decran-2023-09-18-a-15.44.01.png\",\"contentUrl\":\"https:\\\/\\\/florette.be\\\/wp-content\\\/uploads\\\/2023\\\/09\\\/Capture-decran-2023-09-18-a-15.44.01.png\",\"width\":1654,\"height\":930},{\"@type\":\"BreadcrumbList\",\"@id\":\"https:\\\/\\\/florette.be\\\/nl\\\/salades-voor-bij-de-barbecue\\\/#breadcrumb\",\"itemListElement\":[{\"@type\":\"ListItem\",\"position\":1,\"name\":\"Home\",\"item\":\"https:\\\/\\\/florette.be\\\/nl\\\/\"},{\"@type\":\"ListItem\",\"position\":2,\"name\":\"Salades voor bij de barbecue\"}]},{\"@type\":\"WebSite\",\"@id\":\"https:\\\/\\\/florette.be\\\/#website\",\"url\":\"https:\\\/\\\/florette.be\\\/\",\"name\":\"Florette\",\"description\":\"Des salades, des l\u00e9gumes \u00e0 cuire ou \u00e0 croquer, des fruits, des jus, des herbes... D\u00e9couvrez nos produits, actualit\u00e9s, promotions et recettes Florette.\",\"publisher\":{\"@id\":\"https:\\\/\\\/florette.be\\\/#organization\"},\"potentialAction\":[{\"@type\":\"SearchAction\",\"target\":{\"@type\":\"EntryPoint\",\"urlTemplate\":\"https:\\\/\\\/florette.be\\\/?s={search_term_string}\"},\"query-input\":{\"@type\":\"PropertyValueSpecification\",\"valueRequired\":true,\"valueName\":\"search_term_string\"}}],\"inLanguage\":\"nl-NL\"},{\"@type\":\"Organization\",\"@id\":\"https:\\\/\\\/florette.be\\\/#organization\",\"name\":\"Florette\",\"url\":\"https:\\\/\\\/florette.be\\\/\",\"logo\":{\"@type\":\"ImageObject\",\"inLanguage\":\"nl-NL\",\"@id\":\"https:\\\/\\\/florette.be\\\/#\\\/schema\\\/logo\\\/image\\\/\",\"url\":\"https:\\\/\\\/florette.be\\\/wp-content\\\/uploads\\\/2021\\\/10\\\/logo.png\",\"contentUrl\":\"https:\\\/\\\/florette.be\\\/wp-content\\\/uploads\\\/2021\\\/10\\\/logo.png\",\"width\":244,\"height\":140,\"caption\":\"Florette\"},\"image\":{\"@id\":\"https:\\\/\\\/florette.be\\\/#\\\/schema\\\/logo\\\/image\\\/\"},\"sameAs\":[\"https:\\\/\\\/www.facebook.com\\\/Florettebelgium\\\/\",\"https:\\\/\\\/www.instagram.com\\\/florette_be\\\/\"]},{\"@type\":\"Person\",\"@id\":\"https:\\\/\\\/florette.be\\\/#\\\/schema\\\/person\\\/9ed3ec47efa833d50e4060d8d3e4f164\",\"name\":\"Anastasia Vervueren\"}]}<\/script>\n<!-- \/ Yoast SEO plugin. -->","yoast_head_json":{"title":"Salades voor bij de barbecue &#8226; Florette","description":"Het barbecueseizoen is volop aan de gang. Ontdek onze idee\u00ebn voor salades om je maaltijd te begeleiden!","robots":{"index":"index","follow":"follow","max-snippet":"max-snippet:-1","max-image-preview":"max-image-preview:large","max-video-preview":"max-video-preview:-1"},"canonical":"https:\/\/florette.be\/nl\/salades-voor-bij-de-barbecue\/","og_locale":"nl_NL","og_type":"article","og_title":"Salades voor bij de barbecue &#8226; Florette","og_description":"Het barbecueseizoen is volop aan de gang. Ontdek onze idee\u00ebn voor salades om je maaltijd te begeleiden!","og_url":"https:\/\/florette.be\/nl\/salades-voor-bij-de-barbecue\/","og_site_name":"Florette","article_publisher":"https:\/\/www.facebook.com\/Florettebelgium\/","article_published_time":"2023-08-07T13:49:59+00:00","article_modified_time":"2023-09-18T13:53:27+00:00","og_image":[{"width":1000,"height":562,"url":"http:\/\/florette.be\/wp-content\/uploads\/2023\/09\/Capture-decran-2023-09-18-a-15.44.01-1000x562.png","type":"image\/png"}],"author":"Anastasia Vervueren","twitter_card":"summary_large_image","twitter_misc":{"Written by":"Anastasia Vervueren","Est. reading time":"3 minutes"},"schema":{"@context":"https:\/\/schema.org","@graph":[{"@type":"Article","@id":"https:\/\/florette.be\/nl\/salades-voor-bij-de-barbecue\/#article","isPartOf":{"@id":"https:\/\/florette.be\/nl\/salades-voor-bij-de-barbecue\/"},"author":{"name":"Anastasia Vervueren","@id":"https:\/\/florette.be\/#\/schema\/person\/9ed3ec47efa833d50e4060d8d3e4f164"},"headline":"Salades voor bij de barbecue","datePublished":"2023-08-07T13:49:59+00:00","dateModified":"2023-09-18T13:53:27+00:00","mainEntityOfPage":{"@id":"https:\/\/florette.be\/nl\/salades-voor-bij-de-barbecue\/"},"wordCount":521,"publisher":{"@id":"https:\/\/florette.be\/#organization"},"image":{"@id":"https:\/\/florette.be\/nl\/salades-voor-bij-de-barbecue\/#primaryimage"},"thumbnailUrl":"https:\/\/florette.be\/wp-content\/uploads\/2023\/09\/Capture-decran-2023-09-18-a-15.44.01.png","keywords":["Het Florette leven","Florette"],"articleSection":["Rauwkost","Saus &amp; Vinaigrette"],"inLanguage":"nl-NL"},{"@type":"WebPage","@id":"https:\/\/florette.be\/nl\/salades-voor-bij-de-barbecue\/","url":"https:\/\/florette.be\/nl\/salades-voor-bij-de-barbecue\/","name":"Salades voor bij de barbecue &#8226; Florette","isPartOf":{"@id":"https:\/\/florette.be\/#website"},"primaryImageOfPage":{"@id":"https:\/\/florette.be\/nl\/salades-voor-bij-de-barbecue\/#primaryimage"},"image":{"@id":"https:\/\/florette.be\/nl\/salades-voor-bij-de-barbecue\/#primaryimage"},"thumbnailUrl":"https:\/\/florette.be\/wp-content\/uploads\/2023\/09\/Capture-decran-2023-09-18-a-15.44.01.png","datePublished":"2023-08-07T13:49:59+00:00","dateModified":"2023-09-18T13:53:27+00:00","description":"Het barbecueseizoen is volop aan de gang. Ontdek onze idee\u00ebn voor salades om je maaltijd te begeleiden!","breadcrumb":{"@id":"https:\/\/florette.be\/nl\/salades-voor-bij-de-barbecue\/#breadcrumb"},"inLanguage":"nl-NL","potentialAction":[{"@type":"ReadAction","target":["https:\/\/florette.be\/nl\/salades-voor-bij-de-barbecue\/"]}]},{"@type":"ImageObject","inLanguage":"nl-NL","@id":"https:\/\/florette.be\/nl\/salades-voor-bij-de-barbecue\/#primaryimage","url":"https:\/\/florette.be\/wp-content\/uploads\/2023\/09\/Capture-decran-2023-09-18-a-15.44.01.png","contentUrl":"https:\/\/florette.be\/wp-content\/uploads\/2023\/09\/Capture-decran-2023-09-18-a-15.44.01.png","width":1654,"height":930},{"@type":"BreadcrumbList","@id":"https:\/\/florette.be\/nl\/salades-voor-bij-de-barbecue\/#breadcrumb","itemListElement":[{"@type":"ListItem","position":1,"name":"Home","item":"https:\/\/florette.be\/nl\/"},{"@type":"ListItem","position":2,"name":"Salades voor bij de barbecue"}]},{"@type":"WebSite","@id":"https:\/\/florette.be\/#website","url":"https:\/\/florette.be\/","name":"Florette","description":"Des salades, des l\u00e9gumes \u00e0 cuire ou \u00e0 croquer, des fruits, des jus, des herbes... D\u00e9couvrez nos produits, actualit\u00e9s, promotions et recettes Florette.","publisher":{"@id":"https:\/\/florette.be\/#organization"},"potentialAction":[{"@type":"SearchAction","target":{"@type":"EntryPoint","urlTemplate":"https:\/\/florette.be\/?s={search_term_string}"},"query-input":{"@type":"PropertyValueSpecification","valueRequired":true,"valueName":"search_term_string"}}],"inLanguage":"nl-NL"},{"@type":"Organization","@id":"https:\/\/florette.be\/#organization","name":"Florette","url":"https:\/\/florette.be\/","logo":{"@type":"ImageObject","inLanguage":"nl-NL","@id":"https:\/\/florette.be\/#\/schema\/logo\/image\/","url":"https:\/\/florette.be\/wp-content\/uploads\/2021\/10\/logo.png","contentUrl":"https:\/\/florette.be\/wp-content\/uploads\/2021\/10\/logo.png","width":244,"height":140,"caption":"Florette"},"image":{"@id":"https:\/\/florette.be\/#\/schema\/logo\/image\/"},"sameAs":["https:\/\/www.facebook.com\/Florettebelgium\/","https:\/\/www.instagram.com\/florette_be\/"]},{"@type":"Person","@id":"https:\/\/florette.be\/#\/schema\/person\/9ed3ec47efa833d50e4060d8d3e4f164","name":"Anastasia Vervueren"}]}},"_links":{"self":[{"href":"https:\/\/florette.be\/nl\/wp-json\/wp\/v2\/posts\/11542","targetHints":{"allow":["GET"]}}],"collection":[{"href":"https:\/\/florette.be\/nl\/wp-json\/wp\/v2\/posts"}],"about":[{"href":"https:\/\/florette.be\/nl\/wp-json\/wp\/v2\/types\/post"}],"author":[{"embeddable":true,"href":"https:\/\/florette.be\/nl\/wp-json\/wp\/v2\/users\/4"}],"replies":[{"embeddable":true,"href":"https:\/\/florette.be\/nl\/wp-json\/wp\/v2\/comments?post=11542"}],"version-history":[{"count":1,"href":"https:\/\/florette.be\/nl\/wp-json\/wp\/v2\/posts\/11542\/revisions"}],"predecessor-version":[{"id":11543,"href":"https:\/\/florette.be\/nl\/wp-json\/wp\/v2\/posts\/11542\/revisions\/11543"}],"wp:featuredmedia":[{"embeddable":true,"href":"https:\/\/florette.be\/nl\/wp-json\/wp\/v2\/media\/11540"}],"wp:attachment":[{"href":"https:\/\/florette.be\/nl\/wp-json\/wp\/v2\/media?parent=11542"}],"wp:term":[{"taxonomy":"category","embeddable":true,"href":"https:\/\/florette.be\/nl\/wp-json\/wp\/v2\/categories?post=11542"},{"taxonomy":"post_tag","embeddable":true,"href":"https:\/\/florette.be\/nl\/wp-json\/wp\/v2\/tags?post=11542"}],"curies":[{"name":"wp","href":"https:\/\/api.w.org\/{rel}","templated":true}]}}